{"id":38421,"date":"2020-04-23T10:33:46","date_gmt":"2020-04-23T08:33:46","guid":{"rendered":"https:\/\/sg.admk-dev.de\/weareinthistogether-berlin-cologne\/"},"modified":"2020-04-23T10:33:46","modified_gmt":"2020-04-23T08:33:46","slug":"weareinthistogether-berlin-cologne","status":"publish","type":"post","link":"https:\/\/sven-giegold.de\/en\/weareinthistogether-berlin-cologne\/","title":{"rendered":"#WeAreInThisTogether \/ Ce la faremo solo insieme!: Strong signal for European solidarity in Berlin and Cologne!"},"content":{"rendered":"<p><i>Versione italiana in basso \/ English version below<\/i><\/p>\n<p>&nbsp;<\/p>\n<p><b>Starkes Zeichen der Europ\u00e4ischen Solidarit\u00e4t aus Berlin und K\u00f6ln!\u00a0<\/b><\/p>\n<p>&nbsp;<\/p>\n<p>Liebe Freundinnen und Freunde von WeAreInThisTogether.eu!<\/p>\n<p>&nbsp;<\/p>\n<p>Seit Mittwochmorgen sind hunderte Europ\u00e4erinnen und Europ\u00e4er zur italienischen Botschaft in Berlin und dem italienischen Konsulat in K\u00f6ln gekommen. Sie haben auf unsere Initiative hin ein klares Zeichen gesetzt: <b>Wir lassen niemanden allein und wir wissen: nur gemeinsam schaffen wir das!\u00a0<\/b><\/p>\n<p>&nbsp;<\/p>\n<p>Mit dem notwendigen Corona-Abstand hinterlassen sie eine Nachricht der Freundschaft und des Willens, jetzt solidarisch zusammen zu handeln. Schon am Nachmittag waren die \u00fcbergro\u00dfen Banner voller Nachrichten. Auch viele Pers\u00f6nlichkeiten aus Gesellschaft und Politik haben in Berlin und K\u00f6ln unterzeichnet.<\/p>\n<p>&nbsp;<\/p>\n<p><b>Es war so deutlich zu sp\u00fcren, wie die Teilnehmerinnen und Teilnehmer dankbar sind f\u00fcr die M\u00f6glichkeit, ihrer Solidarit\u00e4t Ausdruck zu verleihen und zeigen einmal mehr: Wir sind weiter als die Bundesregierung!<\/b><\/p>\n<p>&nbsp;<\/p>\n<p>Wenn heute die Staats- und Regierungschefs \u00fcber europ\u00e4ische Ma\u00dfnahmen diskutieren, wird besonders auch die deutsche Bundesregierung diese starken Bilder vor Augen haben. <b>Es braucht jetzt wirksame europ\u00e4ische Solidarit\u00e4t durch gemeinsame Anleihen und einen gro\u00dfen europ\u00e4ischen Wiederaufbaufonds. Die deutsche Bundesregierung muss sich solidarisch statt kaltherzig zeigen.<\/b><\/p>\n<p>&nbsp;<\/p>\n<p>Unser gro\u00dfer Dank geht das breite B\u00fcndnis von pro-europ\u00e4ischen Organisation und an Sie und Euch, ohne die diese Aktion nicht h\u00e4tte gelingen k\u00f6nnen.<\/p>\n<p>&nbsp;<\/p>\n<p>Mit europ\u00e4ischen und entschlossenen Gr\u00fc\u00dfen<\/p>\n<p>Eure Franziska Brantner, Sven Giegold, Alexandra Geese<\/p>\n<p>&nbsp;<\/p>\n<p>P.S.: Bitte verbreitet die Bilder anbei im Internet immer mit dem Link zu unserer Petition <a href=\"http:\/\/www.weareinthistogether.eu\">www.weareinthistogether.eu<\/a> und teilt gerne unsere Tweets:<\/p>\n<p><a href=\"https:\/\/twitter.com\/fbrantner\/status\/1252876397128736768\">https:\/\/twitter.com\/fbrantner\/status\/1252876397128736768<\/a><\/p>\n<p><a href=\"https:\/\/twitter.com\/AlexandraGeese\/status\/1252919700125859841\">https:\/\/twitter.com\/AlexandraGeese\/status\/1252919700125859841<\/a><\/p>\n<p><a href=\"https:\/\/twitter.com\/sven_giegold\/status\/1252884597978943488\">https:\/\/twitter.com\/sven_giegold\/status\/1252884597978943488<\/a><\/p>\n<p>&nbsp;<\/p>\n<p>&#8212;<\/p>\n<p><b><i>Versione italiana<\/i><\/b><\/p>\n<p>&nbsp;<\/p>\n<p><b>Un forte segno di solidariet\u00e0 europea da Berlino e Colonia!<\/b><\/p>\n<p>&nbsp;<\/p>\n<p>Care amiche e cari amici di WeAreInThisTogether.eu\/!<\/p>\n<p>&nbsp;<\/p>\n<p>Da mercoled\u00ec mattina centinaia di europei sono venuti all&#8217;Ambasciata d&#8217;Italia a Berlino e al Consolato italiano a Colonia. Su nostra iniziativa hanno inviato un chiaro segnale: <b>Non lasceremo nessuno da solo e sappiamo che ce la faremo solo insieme!\u00a0\u00a0<\/b><\/p>\n<p>&nbsp;<\/p>\n<p>Rispettando la necessaria distanza tutte queste persone hanno lasciato un messaggio di amicizia e espresso la loro volont\u00e0 di agire insieme, in modo solidale. Gi\u00e0 nel pomeriggio i grandi striscioni erano pieni di messaggi. Anche molte personalit\u00e0 importanti della societ\u00e0 e della politica hanno firmato, sia a Berlino sia a Colonia.<\/p>\n<p>&nbsp;<\/p>\n<p><b>Tutti erano molto grati di avere l&#8217;opportunit\u00e0 di esprimere la loro solidariet\u00e0 e di dimostrare ancora una volta: Siamo gi\u00e0 molto pi\u00f9 avanti del Governo Federale!<\/b><\/p>\n<p>&nbsp;<\/p>\n<p>Quando i capi di Stato e di governo discuteranno oggi le misure europee, il governo federale tedesco in particolare avr\u00e0 in mente queste immagini forti. <b>Ci\u00f2 che serve ora, \u00e8 un&#8217;effettiva solidariet\u00e0 europea attraverso legami comuni e un grande fondo europeo per la ricostruzione. Il governo tedesco deve dare prova di solidariet\u00e0 invece che di freddezza.<\/b><\/p>\n<p>&nbsp;<\/p>\n<p>Il nostro grande ringraziamento va all&#8217;ampia alleanza dell&#8217;organizzazione pro-europee e a voi, senza i quali questa azione non avrebbe potuto avere successo.<\/p>\n<p>&nbsp;<\/p>\n<p>Con saluti europei e risoluti<\/p>\n<p>Il vostro Franziska Brantner, Sven Giegold, Alexandra Geese<\/p>\n<p>&nbsp;<\/p>\n<p>P.S.: Si prega di diffondere le immagini allegate nei social media postando sempre un link alla nostra petizione <a href=\"http:\/\/www.weareinthistogether.eu\">www.weareinthistogether.eu<\/a><\/p>\n<p>&nbsp;<\/p>\n<p><b><i>&#8212;<\/i><\/b><\/p>\n<p>&nbsp;<\/p>\n<p><b><i>English version<\/i><\/b><\/p>\n<p>&nbsp;<\/p>\n<p>Dear friends of WeAreInThisTogether.eu!<\/p>\n<p>&nbsp;<\/p>\n<p>Since Wednesday morning hundreds of Europeans have come to the Italian Embassy in Berlin and the Italian Consulate in Cologne. On our initiative they have sent a clear signal: <b>We won&#8217;t leave anyone alone and we know that we can only do it together!\u00a0<\/b><\/p>\n<p>&nbsp;<\/p>\n<p>With the necessary Corona distance, they left a message of friendship and urged for common acts of solidarity. Already in the afternoon the oversized banners were full of messages. Many personalities from civil society and politics also signed in Berlin and Cologne.<\/p>\n<p>&nbsp;<\/p>\n<p><b>It was very obvious how grateful the participants are for the opportunity to express their solidarity and show once again: We are further than the German Federal Government!<\/b><\/p>\n<p>&nbsp;<\/p>\n<p>When the Heads of State and Government discuss European measures today, the German Federal Government in particular will have these strong images in mind. <b>What is needed now is effective European solidarity through joint bonds and a large European reconstruction fund. The German Government must show solidarity instead of cold-heartedness.<\/b><\/p>\n<p>&nbsp;<\/p>\n<p>Our great thanks go to the broad alliance of pro-European organisations and to you all, without whom this action could not have been successful.<\/p>\n<p>&nbsp;<\/p>\n<p>With European and resolute greetings<\/p>\n<p>Your Franziska Brantner, Sven Giegold, Alexandra Geese<\/p>\n<p>&nbsp;<\/p>\n<p><b>P.S.: Please distribute the attached pictures online always with the link to our petition <\/b><a href=\"http:\/\/www.weareinthistogether.eu\"><b>www.weareinthistogether.eu<\/b><\/a><b>\u00a0<\/b><\/p>\n","protected":false},"excerpt":{"rendered":"<p>Versione italiana in basso \/ English version below &nbsp; Starkes Zeichen der Europ\u00e4ischen Solidarit\u00e4t aus Berlin und K\u00f6ln!\u00a0 &nbsp; Liebe Freundinnen und Freunde von WeAreInThisTogether.eu! &nbsp; Seit Mittwochmorgen sind hunderte Europ\u00e4erinnen und Europ\u00e4er zur italienischen Botschaft in Berlin und dem italienischen Konsulat in K\u00f6ln gekommen. Sie haben auf unsere Initiative hin ein klares Zeichen gesetzt: [&hellip;]<\/p>\n","protected":false},"author":36149,"featured_media":38327,"comment_status":"closed","ping_status":"closed","sticky":false,"template":"","format":"standard","meta":{"_acf_changed":false,"footnotes":""},"categories":[],"tags":[],"class_list":["post-38421","post","type-post","status-publish","format-standard","has-post-thumbnail","hentry"],"acf":[],"yoast_head":"<!-- This site is optimized with the Yoast SEO plugin v26.3 - https:\/\/yoast.com\/wordpress\/plugins\/seo\/ -->\n<title>#WeAreInThisTogether \/ Ce la faremo solo insieme!: Strong signal for European solidarity in Berlin and Cologne! - Sven Giegold<\/title>\n<meta name=\"robots\" content=\"index, follow, max-snippet:-1, max-image-preview:large, max-video-preview:-1\" \/>\n<link rel=\"canonical\" href=\"https:\/\/sven-giegold.de\/en\/weareinthistogether-berlin-cologne\/\" \/>\n<meta property=\"og:locale\" content=\"en_US\" \/>\n<meta property=\"og:type\" content=\"article\" \/>\n<meta property=\"og:title\" content=\"#WeAreInThisTogether \/ Ce la faremo solo insieme!: Strong signal for European solidarity in Berlin and Cologne! - Sven Giegold\" \/>\n<meta property=\"og:description\" content=\"Versione italiana in basso \/ English version below &nbsp; Starkes Zeichen der Europ\u00e4ischen Solidarit\u00e4t aus Berlin und K\u00f6ln!\u00a0 &nbsp; Liebe Freundinnen und Freunde von WeAreInThisTogether.eu! &nbsp; Seit Mittwochmorgen sind hunderte Europ\u00e4erinnen und Europ\u00e4er zur italienischen Botschaft in Berlin und dem italienischen Konsulat in K\u00f6ln gekommen. Sie haben auf unsere Initiative hin ein klares Zeichen gesetzt: [&hellip;]\" \/>\n<meta property=\"og:url\" content=\"https:\/\/sven-giegold.de\/en\/weareinthistogether-berlin-cologne\/\" \/>\n<meta property=\"og:site_name\" content=\"Sven Giegold\" \/>\n<meta property=\"article:published_time\" content=\"2020-04-23T08:33:46+00:00\" \/>\n<meta property=\"og:image\" content=\"https:\/\/sven-giegold.de\/wp-content\/uploads\/2020\/04\/threema-20202204-215443-image.jpg\" \/>\n\t<meta property=\"og:image:width\" content=\"1024\" \/>\n\t<meta property=\"og:image:height\" content=\"1024\" \/>\n\t<meta property=\"og:image:type\" content=\"image\/jpeg\" \/>\n<meta name=\"author\" content=\"Maximilian Fries\" \/>\n<meta name=\"twitter:card\" content=\"summary_large_image\" \/>\n<meta name=\"twitter:creator\" content=\"@sven_giegold\" \/>\n<meta name=\"twitter:site\" content=\"@sven_giegold\" \/>\n<meta name=\"twitter:label1\" content=\"Written by\" \/>\n\t<meta name=\"twitter:data1\" content=\"Maximilian Fries\" \/>\n\t<meta name=\"twitter:label2\" content=\"Est. reading time\" \/>\n\t<meta name=\"twitter:data2\" content=\"4 minutes\" \/>\n<script type=\"application\/ld+json\" class=\"yoast-schema-graph\">{\"@context\":\"https:\/\/schema.org\",\"@graph\":[{\"@type\":\"Article\",\"@id\":\"https:\/\/sven-giegold.de\/en\/weareinthistogether-berlin-cologne\/#article\",\"isPartOf\":{\"@id\":\"https:\/\/sven-giegold.de\/en\/weareinthistogether-berlin-cologne\/\"},\"author\":{\"name\":\"Maximilian Fries\",\"@id\":\"https:\/\/sven-giegold.de\/en\/#\/schema\/person\/f551b2cd1549d693127e5b4ba65eac05\"},\"headline\":\"#WeAreInThisTogether \/ Ce la faremo solo insieme!: Strong signal for European solidarity in Berlin and Cologne!\",\"datePublished\":\"2020-04-23T08:33:46+00:00\",\"mainEntityOfPage\":{\"@id\":\"https:\/\/sven-giegold.de\/en\/weareinthistogether-berlin-cologne\/\"},\"wordCount\":807,\"publisher\":{\"@id\":\"https:\/\/sven-giegold.de\/en\/#\/schema\/person\/631e73a0c08b7065d4288777b56433c1\"},\"image\":{\"@id\":\"https:\/\/sven-giegold.de\/en\/weareinthistogether-berlin-cologne\/#primaryimage\"},\"thumbnailUrl\":\"https:\/\/sven-giegold.de\/wp-content\/uploads\/2020\/04\/threema-20202204-215443-image.jpg\",\"inLanguage\":\"en-US\"},{\"@type\":\"WebPage\",\"@id\":\"https:\/\/sven-giegold.de\/en\/weareinthistogether-berlin-cologne\/\",\"url\":\"https:\/\/sven-giegold.de\/en\/weareinthistogether-berlin-cologne\/\",\"name\":\"#WeAreInThisTogether \/ Ce la faremo solo insieme!: Strong signal for European solidarity in Berlin and Cologne! - Sven Giegold\",\"isPartOf\":{\"@id\":\"https:\/\/sven-giegold.de\/en\/#website\"},\"primaryImageOfPage\":{\"@id\":\"https:\/\/sven-giegold.de\/en\/weareinthistogether-berlin-cologne\/#primaryimage\"},\"image\":{\"@id\":\"https:\/\/sven-giegold.de\/en\/weareinthistogether-berlin-cologne\/#primaryimage\"},\"thumbnailUrl\":\"https:\/\/sven-giegold.de\/wp-content\/uploads\/2020\/04\/threema-20202204-215443-image.jpg\",\"datePublished\":\"2020-04-23T08:33:46+00:00\",\"breadcrumb\":{\"@id\":\"https:\/\/sven-giegold.de\/en\/weareinthistogether-berlin-cologne\/#breadcrumb\"},\"inLanguage\":\"en-US\",\"potentialAction\":[{\"@type\":\"ReadAction\",\"target\":[\"https:\/\/sven-giegold.de\/en\/weareinthistogether-berlin-cologne\/\"]}]},{\"@type\":\"ImageObject\",\"inLanguage\":\"en-US\",\"@id\":\"https:\/\/sven-giegold.de\/en\/weareinthistogether-berlin-cologne\/#primaryimage\",\"url\":\"https:\/\/sven-giegold.de\/wp-content\/uploads\/2020\/04\/threema-20202204-215443-image.jpg\",\"contentUrl\":\"https:\/\/sven-giegold.de\/wp-content\/uploads\/2020\/04\/threema-20202204-215443-image.jpg\",\"width\":1024,\"height\":1024},{\"@type\":\"BreadcrumbList\",\"@id\":\"https:\/\/sven-giegold.de\/en\/weareinthistogether-berlin-cologne\/#breadcrumb\",\"itemListElement\":[{\"@type\":\"ListItem\",\"position\":1,\"name\":\"Home\",\"item\":\"https:\/\/sven-giegold.de\/en\/startpage\/\"},{\"@type\":\"ListItem\",\"position\":2,\"name\":\"#WeAreInThisTogether \/ Ce la faremo solo insieme!: Strong signal for European solidarity in Berlin and Cologne!\"}]},{\"@type\":\"WebSite\",\"@id\":\"https:\/\/sven-giegold.de\/en\/#website\",\"url\":\"https:\/\/sven-giegold.de\/en\/\",\"name\":\"Sven Giegold\",\"description\":\"\",\"publisher\":{\"@id\":\"https:\/\/sven-giegold.de\/en\/#\/schema\/person\/631e73a0c08b7065d4288777b56433c1\"},\"potentialAction\":[{\"@type\":\"SearchAction\",\"target\":{\"@type\":\"EntryPoint\",\"urlTemplate\":\"https:\/\/sven-giegold.de\/en\/?s={search_term_string}\"},\"query-input\":{\"@type\":\"PropertyValueSpecification\",\"valueRequired\":true,\"valueName\":\"search_term_string\"}}],\"inLanguage\":\"en-US\"},{\"@type\":[\"Person\",\"Organization\"],\"@id\":\"https:\/\/sven-giegold.de\/en\/#\/schema\/person\/631e73a0c08b7065d4288777b56433c1\",\"name\":\"Sven\",\"image\":{\"@type\":\"ImageObject\",\"inLanguage\":\"en-US\",\"@id\":\"https:\/\/sven-giegold.de\/en\/#\/schema\/person\/image\/\",\"url\":\"https:\/\/sven-giegold.de\/wp-content\/uploads\/2019\/05\/SvenGiegold_byDominikButzmann_50pc-scaled.jpg\",\"contentUrl\":\"https:\/\/sven-giegold.de\/wp-content\/uploads\/2019\/05\/SvenGiegold_byDominikButzmann_50pc-scaled.jpg\",\"width\":2560,\"height\":1708,\"caption\":\"Sven\"},\"logo\":{\"@id\":\"https:\/\/sven-giegold.de\/en\/#\/schema\/person\/image\/\"},\"sameAs\":[\"https:\/\/sven-giegold.de\"]},{\"@type\":\"Person\",\"@id\":\"https:\/\/sven-giegold.de\/en\/#\/schema\/person\/f551b2cd1549d693127e5b4ba65eac05\",\"name\":\"Maximilian Fries\",\"image\":{\"@type\":\"ImageObject\",\"inLanguage\":\"en-US\",\"@id\":\"https:\/\/sven-giegold.de\/en\/#\/schema\/person\/image\/\",\"url\":\"https:\/\/secure.gravatar.com\/avatar\/3bd26f3bb5f95c83d1170207bb0b93a789402db3e2c0cee8e0f72da0abf91884?s=96&d=mm&r=g\",\"contentUrl\":\"https:\/\/secure.gravatar.com\/avatar\/3bd26f3bb5f95c83d1170207bb0b93a789402db3e2c0cee8e0f72da0abf91884?s=96&d=mm&r=g\",\"caption\":\"Maximilian Fries\"},\"url\":\"https:\/\/sven-giegold.de\/en\/author\/max-fries\/\"}]}<\/script>\n<!-- \/ Yoast SEO plugin. -->","yoast_head_json":{"title":"#WeAreInThisTogether \/ Ce la faremo solo insieme!: Strong signal for European solidarity in Berlin and Cologne! - Sven Giegold","robots":{"index":"index","follow":"follow","max-snippet":"max-snippet:-1","max-image-preview":"max-image-preview:large","max-video-preview":"max-video-preview:-1"},"canonical":"https:\/\/sven-giegold.de\/en\/weareinthistogether-berlin-cologne\/","og_locale":"en_US","og_type":"article","og_title":"#WeAreInThisTogether \/ Ce la faremo solo insieme!: Strong signal for European solidarity in Berlin and Cologne! - Sven Giegold","og_description":"Versione italiana in basso \/ English version below &nbsp; Starkes Zeichen der Europ\u00e4ischen Solidarit\u00e4t aus Berlin und K\u00f6ln!\u00a0 &nbsp; Liebe Freundinnen und Freunde von WeAreInThisTogether.eu! &nbsp; Seit Mittwochmorgen sind hunderte Europ\u00e4erinnen und Europ\u00e4er zur italienischen Botschaft in Berlin und dem italienischen Konsulat in K\u00f6ln gekommen. Sie haben auf unsere Initiative hin ein klares Zeichen gesetzt: [&hellip;]","og_url":"https:\/\/sven-giegold.de\/en\/weareinthistogether-berlin-cologne\/","og_site_name":"Sven Giegold","article_published_time":"2020-04-23T08:33:46+00:00","og_image":[{"width":1024,"height":1024,"url":"https:\/\/sven-giegold.de\/wp-content\/uploads\/2020\/04\/threema-20202204-215443-image.jpg","type":"image\/jpeg"}],"author":"Maximilian Fries","twitter_card":"summary_large_image","twitter_creator":"@sven_giegold","twitter_site":"@sven_giegold","twitter_misc":{"Written by":"Maximilian Fries","Est. reading time":"4 minutes"},"schema":{"@context":"https:\/\/schema.org","@graph":[{"@type":"Article","@id":"https:\/\/sven-giegold.de\/en\/weareinthistogether-berlin-cologne\/#article","isPartOf":{"@id":"https:\/\/sven-giegold.de\/en\/weareinthistogether-berlin-cologne\/"},"author":{"name":"Maximilian Fries","@id":"https:\/\/sven-giegold.de\/en\/#\/schema\/person\/f551b2cd1549d693127e5b4ba65eac05"},"headline":"#WeAreInThisTogether \/ Ce la faremo solo insieme!: Strong signal for European solidarity in Berlin and Cologne!","datePublished":"2020-04-23T08:33:46+00:00","mainEntityOfPage":{"@id":"https:\/\/sven-giegold.de\/en\/weareinthistogether-berlin-cologne\/"},"wordCount":807,"publisher":{"@id":"https:\/\/sven-giegold.de\/en\/#\/schema\/person\/631e73a0c08b7065d4288777b56433c1"},"image":{"@id":"https:\/\/sven-giegold.de\/en\/weareinthistogether-berlin-cologne\/#primaryimage"},"thumbnailUrl":"https:\/\/sven-giegold.de\/wp-content\/uploads\/2020\/04\/threema-20202204-215443-image.jpg","inLanguage":"en-US"},{"@type":"WebPage","@id":"https:\/\/sven-giegold.de\/en\/weareinthistogether-berlin-cologne\/","url":"https:\/\/sven-giegold.de\/en\/weareinthistogether-berlin-cologne\/","name":"#WeAreInThisTogether \/ Ce la faremo solo insieme!: Strong signal for European solidarity in Berlin and Cologne! - Sven Giegold","isPartOf":{"@id":"https:\/\/sven-giegold.de\/en\/#website"},"primaryImageOfPage":{"@id":"https:\/\/sven-giegold.de\/en\/weareinthistogether-berlin-cologne\/#primaryimage"},"image":{"@id":"https:\/\/sven-giegold.de\/en\/weareinthistogether-berlin-cologne\/#primaryimage"},"thumbnailUrl":"https:\/\/sven-giegold.de\/wp-content\/uploads\/2020\/04\/threema-20202204-215443-image.jpg","datePublished":"2020-04-23T08:33:46+00:00","breadcrumb":{"@id":"https:\/\/sven-giegold.de\/en\/weareinthistogether-berlin-cologne\/#breadcrumb"},"inLanguage":"en-US","potentialAction":[{"@type":"ReadAction","target":["https:\/\/sven-giegold.de\/en\/weareinthistogether-berlin-cologne\/"]}]},{"@type":"ImageObject","inLanguage":"en-US","@id":"https:\/\/sven-giegold.de\/en\/weareinthistogether-berlin-cologne\/#primaryimage","url":"https:\/\/sven-giegold.de\/wp-content\/uploads\/2020\/04\/threema-20202204-215443-image.jpg","contentUrl":"https:\/\/sven-giegold.de\/wp-content\/uploads\/2020\/04\/threema-20202204-215443-image.jpg","width":1024,"height":1024},{"@type":"BreadcrumbList","@id":"https:\/\/sven-giegold.de\/en\/weareinthistogether-berlin-cologne\/#breadcrumb","itemListElement":[{"@type":"ListItem","position":1,"name":"Home","item":"https:\/\/sven-giegold.de\/en\/startpage\/"},{"@type":"ListItem","position":2,"name":"#WeAreInThisTogether \/ Ce la faremo solo insieme!: Strong signal for European solidarity in Berlin and Cologne!"}]},{"@type":"WebSite","@id":"https:\/\/sven-giegold.de\/en\/#website","url":"https:\/\/sven-giegold.de\/en\/","name":"Sven Giegold","description":"","publisher":{"@id":"https:\/\/sven-giegold.de\/en\/#\/schema\/person\/631e73a0c08b7065d4288777b56433c1"},"potentialAction":[{"@type":"SearchAction","target":{"@type":"EntryPoint","urlTemplate":"https:\/\/sven-giegold.de\/en\/?s={search_term_string}"},"query-input":{"@type":"PropertyValueSpecification","valueRequired":true,"valueName":"search_term_string"}}],"inLanguage":"en-US"},{"@type":["Person","Organization"],"@id":"https:\/\/sven-giegold.de\/en\/#\/schema\/person\/631e73a0c08b7065d4288777b56433c1","name":"Sven","image":{"@type":"ImageObject","inLanguage":"en-US","@id":"https:\/\/sven-giegold.de\/en\/#\/schema\/person\/image\/","url":"https:\/\/sven-giegold.de\/wp-content\/uploads\/2019\/05\/SvenGiegold_byDominikButzmann_50pc-scaled.jpg","contentUrl":"https:\/\/sven-giegold.de\/wp-content\/uploads\/2019\/05\/SvenGiegold_byDominikButzmann_50pc-scaled.jpg","width":2560,"height":1708,"caption":"Sven"},"logo":{"@id":"https:\/\/sven-giegold.de\/en\/#\/schema\/person\/image\/"},"sameAs":["https:\/\/sven-giegold.de"]},{"@type":"Person","@id":"https:\/\/sven-giegold.de\/en\/#\/schema\/person\/f551b2cd1549d693127e5b4ba65eac05","name":"Maximilian Fries","image":{"@type":"ImageObject","inLanguage":"en-US","@id":"https:\/\/sven-giegold.de\/en\/#\/schema\/person\/image\/","url":"https:\/\/secure.gravatar.com\/avatar\/3bd26f3bb5f95c83d1170207bb0b93a789402db3e2c0cee8e0f72da0abf91884?s=96&d=mm&r=g","contentUrl":"https:\/\/secure.gravatar.com\/avatar\/3bd26f3bb5f95c83d1170207bb0b93a789402db3e2c0cee8e0f72da0abf91884?s=96&d=mm&r=g","caption":"Maximilian Fries"},"url":"https:\/\/sven-giegold.de\/en\/author\/max-fries\/"}]}},"_links":{"self":[{"href":"https:\/\/sven-giegold.de\/en\/wp-json\/wp\/v2\/posts\/38421","targetHints":{"allow":["GET"]}}],"collection":[{"href":"https:\/\/sven-giegold.de\/en\/wp-json\/wp\/v2\/posts"}],"about":[{"href":"https:\/\/sven-giegold.de\/en\/wp-json\/wp\/v2\/types\/post"}],"author":[{"embeddable":true,"href":"https:\/\/sven-giegold.de\/en\/wp-json\/wp\/v2\/users\/36149"}],"replies":[{"embeddable":true,"href":"https:\/\/sven-giegold.de\/en\/wp-json\/wp\/v2\/comments?post=38421"}],"version-history":[{"count":0,"href":"https:\/\/sven-giegold.de\/en\/wp-json\/wp\/v2\/posts\/38421\/revisions"}],"wp:featuredmedia":[{"embeddable":true,"href":"https:\/\/sven-giegold.de\/en\/wp-json\/wp\/v2\/media\/38327"}],"wp:attachment":[{"href":"https:\/\/sven-giegold.de\/en\/wp-json\/wp\/v2\/media?parent=38421"}],"wp:term":[{"taxonomy":"category","embeddable":true,"href":"https:\/\/sven-giegold.de\/en\/wp-json\/wp\/v2\/categories?post=38421"},{"taxonomy":"post_tag","embeddable":true,"href":"https:\/\/sven-giegold.de\/en\/wp-json\/wp\/v2\/tags?post=38421"}],"curies":[{"name":"wp","href":"https:\/\/api.w.org\/{rel}","templated":true}]}}